{"id":4505,"date":"2019-09-23T15:45:30","date_gmt":"2019-09-23T13:45:30","guid":{"rendered":"https:\/\/greenproject.info\/wpg\/natsalmo\/?p=4505"},"modified":"2019-10-16T14:20:51","modified_gmt":"2019-10-16T12:20:51","slug":"conferenza-internazionale-sulla-biodiversita-acquatica-in-transilvania","status":"publish","type":"post","link":"https:\/\/greenproject.info\/wpg\/natsalmo\/conferenza-internazionale-sulla-biodiversita-acquatica-in-transilvania\/","title":{"rendered":"Conferenza Internazionale sulla Biodiversit\u00e0 Acquatica in Transilvania"},"content":{"rendered":"<p>I primi importanti risultati degli studi condotti nell\u2019ambito del Progetto verranno presentati da Nicolaia Iaffaldano e altri studiosi del team NatSalMo<!--more-->\u00a0alla Conferenza Internazionale sulla Biodiversit\u00e0 Acquatica &#8211; organizzata dall&#8217;Universit\u00e0 Lucian Blaga &#8211; che si svolger\u00e0 dal 25 settembre al 28 settembre 2019 a Sibiu, in Romania. La conferenza riguarder\u00e0 molteplici aree come biodiversit\u00e0, biodiversit\u00e0 acquatica e specie esotiche, ecologia microbica acquatica, interazioni della rete alimentare e produttivit\u00e0 acquatica, biodiversit\u00e0 delle zone umide, ricostruzione ecologica, impatto umano e cambiamenti globali.<\/p>\n<p>Trovate in anteprima gli Abstract dei lavori nella sezione<em> Documenti<\/em> del nostro sito.<\/p>\n<!-- AddThis Advanced Settings generic via filter on the_content --><!-- AddThis Share Buttons generic via filter on the_content -->","protected":false},"excerpt":{"rendered":"<p>I primi importanti risultati degli studi condotti nell\u2019ambito del Progetto verranno presentati da Nicolaia Iaffaldano e altri studiosi del team NatSalMo<!-- AddThis Advanced Settings generic via filter on get_the_excerpt --><!-- AddThis Share Buttons generic via filter on get_the_excerpt --><\/p>\n","protected":false},"author":7,"featured_media":4506,"comment_status":"closed","ping_status":"open","sticky":false,"template":"","format":"standard","meta":[],"categories":[33],"tags":[],"_links":{"self":[{"href":"https:\/\/greenproject.info\/wpg\/natsalmo\/wp-json\/wp\/v2\/posts\/4505"}],"collection":[{"href":"https:\/\/greenproject.info\/wpg\/natsalmo\/wp-json\/wp\/v2\/posts"}],"about":[{"href":"https:\/\/greenproject.info\/wpg\/natsalmo\/wp-json\/wp\/v2\/types\/post"}],"author":[{"embeddable":true,"href":"https:\/\/greenproject.info\/wpg\/natsalmo\/wp-json\/wp\/v2\/users\/7"}],"replies":[{"embeddable":true,"href":"https:\/\/greenproject.info\/wpg\/natsalmo\/wp-json\/wp\/v2\/comments?post=4505"}],"version-history":[{"count":2,"href":"https:\/\/greenproject.info\/wpg\/natsalmo\/wp-json\/wp\/v2\/posts\/4505\/revisions"}],"predecessor-version":[{"id":4527,"href":"https:\/\/greenproject.info\/wpg\/natsalmo\/wp-json\/wp\/v2\/posts\/4505\/revisions\/4527"}],"wp:featuredmedia":[{"embeddable":true,"href":"https:\/\/greenproject.info\/wpg\/natsalmo\/wp-json\/wp\/v2\/media\/4506"}],"wp:attachment":[{"href":"https:\/\/greenproject.info\/wpg\/natsalmo\/wp-json\/wp\/v2\/media?parent=4505"}],"wp:term":[{"taxonomy":"category","embeddable":true,"href":"https:\/\/greenproject.info\/wpg\/natsalmo\/wp-json\/wp\/v2\/categories?post=4505"},{"taxonomy":"post_tag","embeddable":true,"href":"https:\/\/greenproject.info\/wpg\/natsalmo\/wp-json\/wp\/v2\/tags?post=4505"}],"curies":[{"name":"wp","href":"https:\/\/api.w.org\/{rel}","templated":true}]}}